{"id":938,"count":6,"description":"Sala konferencyjna to bardzo wa\u017cne miejsce spotka\u0144 i rozm\u00f3w zarz\u0105du, pracownik\u00f3w jak i przysz\u0142ych oraz obecnych kontrahent\u00f3w. Wielko\u015b\u0107 sto\u0142u powinna by\u0107 dostosowana do wielko\u015bci sali, ale r\u00f3wnie\u017c liczby os\u00f3b, kt\u00f3re b\u0119d\u0105 przy nim\u00a0 pracowa\u0107. W swojej ofercie posiadamy kilka modeli sto\u0142\u00f3w konferencyjnych, kt\u00f3re mamy nadziej\u0119 spodobaj\u0105 si\u0119 Pa\u0144stwu.\r\n\r\nSto\u0142y na stela\u017cu p\u0142ycinowym wyposa\u017cone w stopki poziomuj\u0105ce, stela\u017cu typu M i S.\r\n\r\nStoliki z naszej oferty stanowi\u0105 idealne funkcjonale uzupe\u0142nienie biur, sal konferencyjnych, poczekalni.","link":"https:\/\/www.metal-styl.com\/index.php\/kategoria-produktu\/meble-biurowe-zestawy\/silver\/orzech-camaro\/stoly-silver\/","name":"STO\u0141Y I STOLIKI","slug":"stoly-silver","taxonomy":"product_cat","parent":1269,"meta":[],"_links":{"self":[{"href":"https:\/\/www.metal-styl.com\/index.php\/wp-json\/wp\/v2\/product_cat\/938","targetHints":{"allow":["GET"]}}],"collection":[{"href":"https:\/\/www.metal-styl.com\/index.php\/wp-json\/wp\/v2\/product_cat"}],"about":[{"href":"https:\/\/www.metal-styl.com\/index.php\/wp-json\/wp\/v2\/taxonomies\/product_cat"}],"up":[{"embeddable":true,"href":"https:\/\/www.metal-styl.com\/index.php\/wp-json\/wp\/v2\/product_cat\/1269"}],"wp:post_type":[{"href":"https:\/\/www.metal-styl.com\/index.php\/wp-json\/wp\/v2\/product?product_cat=938"}],"curies":[{"name":"wp","href":"https:\/\/api.w.org\/{rel}","templated":true}]}}